{"id":22628,"date":"2025-11-18T16:49:01","date_gmt":"2025-11-18T14:49:01","guid":{"rendered":"https:\/\/www.nordicorganicexpo.com\/2025\/11\/18\/mot-michel-bracke-teknikern-som-blev-hallbarhetsguru\/"},"modified":"2025-12-03T12:22:37","modified_gmt":"2025-12-03T10:22:37","slug":"mot-michel-bracke-teknikern-som-blev-hallbarhetsguru","status":"publish","type":"post","link":"https:\/\/www.nordicorganicexpo.com\/sv\/2025\/11\/18\/mot-michel-bracke-teknikern-som-blev-hallbarhetsguru\/","title":{"rendered":"M\u00f6t Michel Brack\u00e9: teknikern som blev h\u00e5llbarhetsguru"},"content":{"rendered":"\t\t<div data-elementor-type=\"wp-post\" data-elementor-id=\"22628\" class=\"elementor elementor-22628 elementor-22291\" data-elementor-post-type=\"post\">\n\t\t\t\t\t\t<section class=\"elementor-section elementor-top-section elementor-element elementor-element-601f437 elementor-section-boxed elementor-section-height-default elementor-section-height-default\" data-id=\"601f437\" data-element_type=\"section\" data-settings=\"{&quot;background_background&quot;:&quot;classic&quot;}\">\n\t\t\t\t\t\t\t<div class=\"elementor-background-overlay\"><\/div>\n\t\t\t\t\t\t\t<div class=\"elementor-container elementor-column-gap-default\">\n\t\t\t\t\t<div class=\"elementor-column elementor-col-100 elementor-top-column elementor-element elementor-element-8ccee7e\" data-id=\"8ccee7e\" data-element_type=\"column\">\n\t\t\t<div class=\"elementor-widget-wrap elementor-element-populated\">\n\t\t\t\t\t\t<div class=\"elementor-element elementor-element-7fd51f2 elementor-widget elementor-widget-spacer\" data-id=\"7fd51f2\" data-element_type=\"widget\" data-widget_type=\"spacer.default\">\n\t\t\t\t<div class=\"elementor-widget-container\">\n\t\t\t\t\t\t\t<div class=\"elementor-spacer\">\n\t\t\t<div class=\"elementor-spacer-inner\"><\/div>\n\t\t<\/div>\n\t\t\t\t\t\t<\/div>\n\t\t\t\t<\/div>\n\t\t\t\t\t<\/div>\n\t\t<\/div>\n\t\t\t\t\t<\/div>\n\t\t<\/section>\n\t\t\t\t<section class=\"elementor-section elementor-top-section elementor-element elementor-element-4961c7a elementor-section-boxed elementor-section-height-default elementor-section-height-default\" data-id=\"4961c7a\" data-element_type=\"section\">\n\t\t\t\t\t\t\t<div class=\"elementor-background-overlay\"><\/div>\n\t\t\t\t\t\t\t<div class=\"elementor-container elementor-column-gap-default\">\n\t\t\t\t\t<div class=\"elementor-column elementor-col-50 elementor-top-column elementor-element elementor-element-e4e1709\" data-id=\"e4e1709\" data-element_type=\"column\" data-settings=\"{&quot;background_background&quot;:&quot;classic&quot;}\">\n\t\t\t<div class=\"elementor-widget-wrap elementor-element-populated\">\n\t\t\t\t\t\t<div class=\"elementor-element elementor-element-c39b88d elementor-widget elementor-widget-heading\" data-id=\"c39b88d\" data-element_type=\"widget\" data-widget_type=\"heading.default\">\n\t\t\t\t<div class=\"elementor-widget-container\">\n\t\t\t\t\t<h3 class=\"elementor-heading-title elementor-size-default\">November 18, 2025<\/h3>\t\t\t\t<\/div>\n\t\t\t\t<\/div>\n\t\t\t\t<div class=\"elementor-element elementor-element-4b85f0d elementor-widget elementor-widget-image\" data-id=\"4b85f0d\" data-element_type=\"widget\" data-widget_type=\"image.default\">\n\t\t\t\t<div class=\"elementor-widget-container\">\n\t\t\t\t\t\t\t\t\t\t\t\t\t\t\t<img fetchpriority=\"high\" decoding=\"async\" width=\"800\" height=\"400\" src=\"https:\/\/easyfairsassets.com\/sites\/357\/2025\/11\/Wordpress_artikelbild_NOE25-28-1024x512.png\" class=\"attachment-large size-large wp-image-22297\" alt=\"Michel Brack\u00e9 header\" srcset=\"https:\/\/easyfairsassets.com\/sites\/357\/2025\/11\/Wordpress_artikelbild_NOE25-28-1024x512.png 1024w, https:\/\/easyfairsassets.com\/sites\/357\/2025\/11\/Wordpress_artikelbild_NOE25-28-300x150.png 300w, https:\/\/easyfairsassets.com\/sites\/357\/2025\/11\/Wordpress_artikelbild_NOE25-28-768x384.png 768w, https:\/\/easyfairsassets.com\/sites\/357\/2025\/11\/Wordpress_artikelbild_NOE25-28.png 1200w\" sizes=\"(max-width: 800px) 100vw, 800px\" \/>\t\t\t\t\t\t\t\t\t\t\t\t\t\t\t<\/div>\n\t\t\t\t<\/div>\n\t\t\t\t<div class=\"elementor-element elementor-element-8de7360 elementor-widget elementor-widget-heading\" data-id=\"8de7360\" data-element_type=\"widget\" data-widget_type=\"heading.default\">\n\t\t\t\t<div class=\"elementor-widget-container\">\n\t\t\t\t\t<h1 class=\"elementor-heading-title elementor-size-default\">M\u00f6t Michel Brack\u00e9: teknikern som blev h\u00e5llbarhetsguru<\/h1>\t\t\t\t<\/div>\n\t\t\t\t<\/div>\n\t\t\t\t<div class=\"elementor-element elementor-element-c0c9e20 elementor-widget elementor-widget-text-editor\" data-id=\"c0c9e20\" data-element_type=\"widget\" data-widget_type=\"text-editor.default\">\n\t\t\t\t<div class=\"elementor-widget-container\">\n\t\t\t\t\t\t\t\t\t<p><strong>Imorgon tar h\u00e5llbarhetsstrategen Michel Brack\u00e9 plats p\u00e5 scenen under Nordic Organic Expo \u2013 med sig har han en ovanlig kombination av sk\u00e4rpa fr\u00e5n tech-branschen, \u00f6vertygelse driven av v\u00e4xtbaserad livsstil och ett uppdrag att hj\u00e4lpa klimatmedvetna f\u00f6retag att v\u00e4xa snabbt. Med fyra decennier som vegetarian och en karri\u00e4rsv\u00e4ng som till och med \u00f6verraskade honom sj\u00e4lv, \u00e4r Brack\u00e9 redo att ge evenemanget energi med ber\u00e4ttelser, l\u00e4rdomar och en framtidsinriktad vision.<\/strong><\/p>\n\t\t\t\t\t\t\t\t<\/div>\n\t\t\t\t<\/div>\n\t\t\t\t<div class=\"elementor-element elementor-element-efa02b4 elementor-widget elementor-widget-text-editor\" data-id=\"efa02b4\" data-element_type=\"widget\" data-widget_type=\"text-editor.default\">\n\t\t\t\t<div class=\"elementor-widget-container\">\n\t\t\t\t\t\t\t\t\t<p data-start=\"69\" data-end=\"363\">Michel Brack\u00e9 gjorde inte bara ett karri\u00e4rbyte \u2013 han tryckte p\u00e5 omstartsknappen f\u00f6r hela sitt uppdrag. Efter \u00e5r av arbete med att skala mobilteknikf\u00f6retag kastade han sig helhj\u00e4rtat in i den gr\u00f6na omst\u00e4llningen, driven av \u00f6vertygelsen att livsmedelssystemet ligger i hj\u00e4rtat av klimatpusslet.<\/p>\n<p><\/p>\n<p data-start=\"365\" data-end=\"469\">\u2013 Min karri\u00e4r representerar ett medvetet v\u00e4gval f\u00f6r att bidra till den gr\u00f6na omst\u00e4llningen, s\u00e4ger han.<\/p>\n<p><\/p>\n<p data-start=\"471\" data-end=\"621\">Idag arbetar han precis d\u00e4r passion och vinst m\u00f6ts \u2013 han st\u00f6ttar modiga grundare som vill f\u00f6r\u00e4ndra v\u00e4rlden samtidigt som de bygger l\u00f6nsamma f\u00f6retag.<\/p>\n<p><\/p>\n<p data-start=\"623\" data-end=\"811\">\u2013 Det som inspirerar mig mest \u00e4r att vara i en bransch full av vision\u00e4ra entrepren\u00f6rer som bygger f\u00f6retag f\u00f6r att skapa en b\u00e4ttre, h\u00e4lsosammare och mer r\u00e4ttvis framtid, f\u00f6rklarar Michel.<\/p>\n\t\t\t\t\t\t\t\t<\/div>\n\t\t\t\t<\/div>\n\t\t\t\t<div class=\"elementor-element elementor-element-05d5745 elementor-widget elementor-widget-heading\" data-id=\"05d5745\" data-element_type=\"widget\" data-widget_type=\"heading.default\">\n\t\t\t\t<div class=\"elementor-widget-container\">\n\t\t\t\t\t<h2 class=\"elementor-heading-title elementor-size-default\">Michels filosofi<\/h2>\t\t\t\t<\/div>\n\t\t\t\t<\/div>\n\t\t\t\t<div class=\"elementor-element elementor-element-7116bd3 elementor-widget elementor-widget-text-editor\" data-id=\"7116bd3\" data-element_type=\"widget\" data-widget_type=\"text-editor.default\">\n\t\t\t\t<div class=\"elementor-widget-container\">\n\t\t\t\t\t\t\t\t\t<p data-start=\"48\" data-end=\"241\">N\u00e4r det kommer till ledarskap \u00e4r hans filosofi enkel: involvera alla och t\u00e4nk l\u00e5ngt bortom resultatr\u00e4kningen. Michel jagar inte snabba vinster \u2013 han skannar hela ekosystemet innan han agerar.<\/p>\n<p><\/p>\n<p data-start=\"243\" data-end=\"362\">\u2013 Jag fattar beslut baserat p\u00e5 en djup analys av hur de p\u00e5verkar det st\u00f6rre ekosystemet \u2013 inte bara kortsiktig vinst.<\/p>\n<p><\/p>\n<p data-start=\"364\" data-end=\"620\">F\u00f6r honom \u00e4r v\u00e4rderingar inte n\u00e5got trevligt att ha \u2013 de \u00e4r sj\u00e4lva operativsystemet. \u00c4rlighet, ansvar och ett djupt respektfullt f\u00f6rh\u00e5llande till naturen styr varje beslut. H\u00e5llbarhet, i hans v\u00e4rld, \u00e4r inget man l\u00e4gger till i efterhand; det \u00e4r ritningen.<\/p>\n<p><\/p>\n<p data-start=\"622\" data-end=\"717\" data-is-last-node=\"\" data-is-only-node=\"\">\u2013 I mitt arbete \u00e4r h\u00e5llbarhet inte ett \u201dtill\u00e4gg\u201d, utan sj\u00e4lva aff\u00e4rsmodellen, f\u00f6rklarar Michel.<\/p>\n\t\t\t\t\t\t\t\t<\/div>\n\t\t\t\t<\/div>\n\t\t\t\t<div class=\"elementor-element elementor-element-2f5e9eb elementor-widget elementor-widget-heading\" data-id=\"2f5e9eb\" data-element_type=\"widget\" data-widget_type=\"heading.default\">\n\t\t\t\t<div class=\"elementor-widget-container\">\n\t\t\t\t\t<h2 class=\"elementor-heading-title elementor-size-default\">Att hj\u00e4lpa f\u00f6retag v\u00e4xa<\/h2>\t\t\t\t<\/div>\n\t\t\t\t<\/div>\n\t\t\t\t<div class=\"elementor-element elementor-element-7d908e4 elementor-widget elementor-widget-text-editor\" data-id=\"7d908e4\" data-element_type=\"widget\" data-widget_type=\"text-editor.default\">\n\t\t\t\t<div class=\"elementor-widget-container\">\n\t\t\t\t\t\t\t\t\t<p data-start=\"39\" data-end=\"242\">Och leta inte efter personliga utm\u00e4rkelser p\u00e5 hans hylla \u2013 hans segrar lever i de f\u00f6retag han har hj\u00e4lpt att omvandla. Michel lyser upp n\u00e4r ett f\u00f6retag v\u00e4xer och f\u00f6rst\u00e4rker sin positiva klimatp\u00e5verkan.<\/p>\n<p><\/p>\n<p data-start=\"244\" data-end=\"363\">\u2013 N\u00e4r jag kan se att ett f\u00f6retag och en h\u00e5llbarhetsvision f\u00f6rverkligas, \u00e4r det d\u00e5 jag k\u00e4nner mig mest n\u00f6jd och stolt.<\/p>\n<p><\/p>\n<p data-start=\"365\" data-end=\"534\">Inf\u00f6r Nordic Organic Expo tar han med sig fullst\u00e4ndig entusiasm \u2013 nyfiken p\u00e5 pulsen, genombrotten, handslagen och aff\u00e4rerna som f\u00f6rvandlar id\u00e9er till verklig p\u00e5verkan.<\/p>\n<p><\/p>\n<p data-start=\"536\" data-end=\"650\">\u2013 H\u00e4r bevisar vi att den h\u00e5llbara, ekologiska modellen \u00e4r den mest kommersiellt g\u00e5ngbara modellen f\u00f6r framtiden.<\/p>\n<p><\/p>\n<p data-start=\"652\" data-end=\"684\" data-is-only-node=\"\">Av Rebecca Hyde-Price Aggestam<\/p>\n\t\t\t\t\t\t\t\t<\/div>\n\t\t\t\t<\/div>\n\t\t\t\t<div class=\"elementor-element elementor-element-ccf9653 elementor-align-left elementor-tablet-align-left elementor-mobile-align-left elementor-widget elementor-widget-button\" data-id=\"ccf9653\" data-element_type=\"widget\" data-widget_type=\"button.default\">\n\t\t\t\t<div class=\"elementor-widget-container\">\n\t\t\t\t\t\t\t\t\t<div class=\"elementor-button-wrapper\">\n\t\t\t\t\t<a class=\"elementor-button elementor-button-link elementor-size-sm elementor-animation-grow\" href=\"https:\/\/www.nordicorganicexpo.com\/sv\/aktuellt\/\">\n\t\t\t\t\t\t<span class=\"elementor-button-content-wrapper\">\n\t\t\t\t\t\t<span class=\"elementor-button-icon\">\n\t\t\t\t<svg aria-hidden=\"true\" class=\"e-font-icon-svg e-fas-arrow-left\" viewBox=\"0 0 448 512\" xmlns=\"http:\/\/www.w3.org\/2000\/svg\"><path d=\"M257.5 445.1l-22.2 22.2c-9.4 9.4-24.6 9.4-33.9 0L7 273c-9.4-9.4-9.4-24.6 0-33.9L201.4 44.7c9.4-9.4 24.6-9.4 33.9 0l22.2 22.2c9.5 9.5 9.3 25-.4 34.3L136.6 216H424c13.3 0 24 10.7 24 24v32c0 13.3-10.7 24-24 24H136.6l120.5 114.8c9.8 9.3 10 24.8.4 34.3z\"><\/path><\/svg>\t\t\t<\/span>\n\t\t\t\t\t\t\t\t\t<span class=\"elementor-button-text\">Tillbaka<\/span>\n\t\t\t\t\t<\/span>\n\t\t\t\t\t<\/a>\n\t\t\t\t<\/div>\n\t\t\t\t\t\t\t\t<\/div>\n\t\t\t\t<\/div>\n\t\t\t\t\t<\/div>\n\t\t<\/div>\n\t\t\t\t<div class=\"elementor-column elementor-col-50 elementor-top-column elementor-element elementor-element-b5307e0\" data-id=\"b5307e0\" data-element_type=\"column\" data-settings=\"{&quot;background_background&quot;:&quot;classic&quot;}\">\n\t\t\t<div class=\"elementor-widget-wrap elementor-element-populated\">\n\t\t\t\t\t\t<div class=\"elementor-element elementor-element-6790063 elementor-widget elementor-widget-heading\" data-id=\"6790063\" data-element_type=\"widget\" data-widget_type=\"heading.default\">\n\t\t\t\t<div class=\"elementor-widget-container\">\n\t\t\t\t\t<h3 class=\"elementor-heading-title elementor-size-default\">dela<\/h3>\t\t\t\t<\/div>\n\t\t\t\t<\/div>\n\t\t\t\t<div class=\"elementor-element elementor-element-a8ace2f elementor-share-buttons--view-icon elementor-share-buttons--shape-circle elementor-share-buttons--skin-flat elementor-share-buttons--color-custom elementor-grid-0 elementor-widget elementor-widget-share-buttons\" data-id=\"a8ace2f\" data-element_type=\"widget\" data-settings=\"{&quot;share_url&quot;:{&quot;url&quot;:&quot;&quot;,&quot;is_external&quot;:&quot;&quot;,&quot;nofollow&quot;:&quot;&quot;,&quot;custom_attributes&quot;:&quot;&quot;}}\" data-widget_type=\"share-buttons.default\">\n\t\t\t\t<div class=\"elementor-widget-container\">\n\t\t\t\t\t\t\t<div class=\"elementor-grid\" role=\"list\">\n\t\t\t\t\t\t\t\t<div class=\"elementor-grid-item\" role=\"listitem\">\n\t\t\t\t\t\t<div class=\"elementor-share-btn elementor-share-btn_facebook\" role=\"button\" tabindex=\"0\" aria-label=\"Share on facebook\">\n\t\t\t\t\t\t\t\t\t\t\t\t\t\t\t<span class=\"elementor-share-btn__icon\">\n\t\t\t\t\t\t\t\t<svg aria-hidden=\"true\" class=\"e-font-icon-svg e-fab-facebook\" viewBox=\"0 0 512 512\" xmlns=\"http:\/\/www.w3.org\/2000\/svg\"><path d=\"M504 256C504 119 393 8 256 8S8 119 8 256c0 123.78 90.69 226.38 209.25 245V327.69h-63V256h63v-54.64c0-62.15 37-96.48 93.67-96.48 27.14 0 55.52 4.84 55.52 4.84v61h-31.28c-30.8 0-40.41 19.12-40.41 38.73V256h68.78l-11 71.69h-57.78V501C413.31 482.38 504 379.78 504 256z\"><\/path><\/svg>\t\t\t\t\t\t\t<\/span>\n\t\t\t\t\t\t\t\t\t\t\t\t\t\t\t\t\t\t\t\t<\/div>\n\t\t\t\t\t<\/div>\n\t\t\t\t\t\t\t\t\t<div class=\"elementor-grid-item\" role=\"listitem\">\n\t\t\t\t\t\t<div class=\"elementor-share-btn elementor-share-btn_linkedin\" role=\"button\" tabindex=\"0\" aria-label=\"Share on linkedin\">\n\t\t\t\t\t\t\t\t\t\t\t\t\t\t\t<span class=\"elementor-share-btn__icon\">\n\t\t\t\t\t\t\t\t<svg aria-hidden=\"true\" class=\"e-font-icon-svg e-fab-linkedin\" viewBox=\"0 0 448 512\" xmlns=\"http:\/\/www.w3.org\/2000\/svg\"><path d=\"M416 32H31.9C14.3 32 0 46.5 0 64.3v383.4C0 465.5 14.3 480 31.9 480H416c17.6 0 32-14.5 32-32.3V64.3c0-17.8-14.4-32.3-32-32.3zM135.4 416H69V202.2h66.5V416zm-33.2-243c-21.3 0-38.5-17.3-38.5-38.5S80.9 96 102.2 96c21.2 0 38.5 17.3 38.5 38.5 0 21.3-17.2 38.5-38.5 38.5zm282.1 243h-66.4V312c0-24.8-.5-56.7-34.5-56.7-34.6 0-39.9 27-39.9 54.9V416h-66.4V202.2h63.7v29.2h.9c8.9-16.8 30.6-34.5 62.9-34.5 67.2 0 79.7 44.3 79.7 101.9V416z\"><\/path><\/svg>\t\t\t\t\t\t\t<\/span>\n\t\t\t\t\t\t\t\t\t\t\t\t\t\t\t\t\t\t\t\t<\/div>\n\t\t\t\t\t<\/div>\n\t\t\t\t\t\t<\/div>\n\t\t\t\t\t\t<\/div>\n\t\t\t\t<\/div>\n\t\t\t\t<div class=\"elementor-element elementor-element-e21bd25 elementor-grid-1 elementor-posts--thumbnail-left elementor-posts--align-left elementor-grid-tablet-2 elementor-grid-mobile-1 elementor-widget elementor-widget-posts\" data-id=\"e21bd25\" data-element_type=\"widget\" data-settings=\"{&quot;classic_columns&quot;:&quot;1&quot;,&quot;classic_row_gap&quot;:{&quot;unit&quot;:&quot;px&quot;,&quot;size&quot;:20,&quot;sizes&quot;:[]},&quot;classic_columns_tablet&quot;:&quot;2&quot;,&quot;classic_columns_mobile&quot;:&quot;1&quot;,&quot;classic_row_gap_tablet&quot;:{&quot;unit&quot;:&quot;px&quot;,&quot;size&quot;:&quot;&quot;,&quot;sizes&quot;:[]},&quot;classic_row_gap_mobile&quot;:{&quot;unit&quot;:&quot;px&quot;,&quot;size&quot;:&quot;&quot;,&quot;sizes&quot;:[]}}\" data-widget_type=\"posts.classic\">\n\t\t\t\t<div class=\"elementor-widget-container\">\n\t\t\t\t\t\t\t<div class=\"elementor-posts-container elementor-posts elementor-posts--skin-classic elementor-grid\" role=\"list\">\n\t\t\t\t<article class=\"elementor-post elementor-grid-item post-22993 post type-post status-publish format-standard has-post-thumbnail hentry category-latest edition-nordic-organic-expo-2026\" role=\"listitem\">\n\t\t\t\t<a class=\"elementor-post__thumbnail__link\" href=\"https:\/\/www.nordicorganicexpo.com\/sv\/2026\/01\/06\/malmo-och-kista-mass-service-blir-nordic-expo-service\/\" tabindex=\"-1\" >\n\t\t\t<div class=\"elementor-post__thumbnail\"><img decoding=\"async\" width=\"300\" height=\"150\" src=\"https:\/\/easyfairsassets.com\/sites\/357\/2026\/01\/Wordpress_artikelbild_NOE25-18-300x150.jpg\" class=\"attachment-medium size-medium wp-image-22936\" alt=\"Nordic Expo Service x Nordic Organic Expo\" srcset=\"https:\/\/easyfairsassets.com\/sites\/357\/2026\/01\/Wordpress_artikelbild_NOE25-18-300x150.jpg 300w, https:\/\/easyfairsassets.com\/sites\/357\/2026\/01\/Wordpress_artikelbild_NOE25-18-1024x512.jpg 1024w, https:\/\/easyfairsassets.com\/sites\/357\/2026\/01\/Wordpress_artikelbild_NOE25-18-768x384.jpg 768w, https:\/\/easyfairsassets.com\/sites\/357\/2026\/01\/Wordpress_artikelbild_NOE25-18.jpg 1200w\" sizes=\"(max-width: 300px) 100vw, 300px\" \/><\/div>\n\t\t<\/a>\n\t\t\t\t<div class=\"elementor-post__text\">\n\t\t\t\t<h3 class=\"elementor-post__title\">\n\t\t\t<a href=\"https:\/\/www.nordicorganicexpo.com\/sv\/2026\/01\/06\/malmo-och-kista-mass-service-blir-nordic-expo-service\/\" >\n\t\t\t\tMalm\u00f6 och Kista M\u00e4ss-Service blir Nordic Expo Service\t\t\t<\/a>\n\t\t<\/h3>\n\t\t\t\t<div class=\"elementor-post__meta-data\">\n\t\t\t\t\t<span class=\"elementor-post-date\">\n\t\t\tjanuari 6, 2026\t\t<\/span>\n\t\t\t\t<span class=\"elementor-post-avatar\">\n\t\t\tInga kommentarer\t\t<\/span>\n\t\t\t\t<\/div>\n\t\t\n\t\t<a class=\"elementor-post__read-more\" href=\"https:\/\/www.nordicorganicexpo.com\/sv\/2026\/01\/06\/malmo-och-kista-mass-service-blir-nordic-expo-service\/\" aria-label=\"Read more about Malm\u00f6 och Kista M\u00e4ss-Service blir Nordic Expo Service\" tabindex=\"-1\" >\n\t\t\tL\u00e4s mer \u00bb\t\t<\/a>\n\n\t\t\t\t<\/div>\n\t\t\t\t<\/article>\n\t\t\t\t<article class=\"elementor-post elementor-grid-item post-22995 post type-post status-publish format-standard has-post-thumbnail hentry category-senaste edition-nordic-organic-expo-2025-sv\" role=\"listitem\">\n\t\t\t\t<a class=\"elementor-post__thumbnail__link\" href=\"https:\/\/www.nordicorganicexpo.com\/sv\/2025\/11\/28\/nordic-organic-expo-2025-gor-en-stark-debut-under-ledning-av-easyfairs\/\" tabindex=\"-1\" >\n\t\t\t<div class=\"elementor-post__thumbnail\"><img decoding=\"async\" width=\"300\" height=\"150\" src=\"https:\/\/easyfairsassets.com\/sites\/357\/2026\/02\/Wordpress_artikelbild_NOE25-8-300x150.jpg\" class=\"attachment-medium size-medium wp-image-22859\" alt=\"Nordic Organic Expo results 2025\" srcset=\"https:\/\/easyfairsassets.com\/sites\/357\/2026\/02\/Wordpress_artikelbild_NOE25-8-300x150.jpg 300w, https:\/\/easyfairsassets.com\/sites\/357\/2026\/02\/Wordpress_artikelbild_NOE25-8-1024x512.jpg 1024w, https:\/\/easyfairsassets.com\/sites\/357\/2026\/02\/Wordpress_artikelbild_NOE25-8-768x384.jpg 768w, https:\/\/easyfairsassets.com\/sites\/357\/2026\/02\/Wordpress_artikelbild_NOE25-8.jpg 1200w\" sizes=\"(max-width: 300px) 100vw, 300px\" \/><\/div>\n\t\t<\/a>\n\t\t\t\t<div class=\"elementor-post__text\">\n\t\t\t\t<h3 class=\"elementor-post__title\">\n\t\t\t<a href=\"https:\/\/www.nordicorganicexpo.com\/sv\/2025\/11\/28\/nordic-organic-expo-2025-gor-en-stark-debut-under-ledning-av-easyfairs\/\" >\n\t\t\t\tNordic Organic Expo 2025 g\u00f6r en stark debut under ledning av Easyfairs.\t\t\t<\/a>\n\t\t<\/h3>\n\t\t\t\t<div class=\"elementor-post__meta-data\">\n\t\t\t\t\t<span class=\"elementor-post-date\">\n\t\t\tnovember 28, 2025\t\t<\/span>\n\t\t\t\t<span class=\"elementor-post-avatar\">\n\t\t\tInga kommentarer\t\t<\/span>\n\t\t\t\t<\/div>\n\t\t\n\t\t<a class=\"elementor-post__read-more\" href=\"https:\/\/www.nordicorganicexpo.com\/sv\/2025\/11\/28\/nordic-organic-expo-2025-gor-en-stark-debut-under-ledning-av-easyfairs\/\" aria-label=\"Read more about Nordic Organic Expo 2025 g\u00f6r en stark debut under ledning av Easyfairs.\" tabindex=\"-1\" >\n\t\t\tL\u00e4s mer \u00bb\t\t<\/a>\n\n\t\t\t\t<\/div>\n\t\t\t\t<\/article>\n\t\t\t\t<article class=\"elementor-post elementor-grid-item post-22628 post type-post status-publish format-standard has-post-thumbnail hentry category-nyheter edition-nordic-organic-expo-2025-sv\" role=\"listitem\">\n\t\t\t\t<a class=\"elementor-post__thumbnail__link\" href=\"https:\/\/www.nordicorganicexpo.com\/sv\/2025\/11\/18\/mot-michel-bracke-teknikern-som-blev-hallbarhetsguru\/\" tabindex=\"-1\" >\n\t\t\t<div class=\"elementor-post__thumbnail\"><img loading=\"lazy\" decoding=\"async\" width=\"300\" height=\"150\" src=\"https:\/\/easyfairsassets.com\/sites\/357\/2025\/11\/Wordpress_artikelbild_NOE25-28-300x150.png\" class=\"attachment-medium size-medium wp-image-22297\" alt=\"Michel Brack\u00e9 header\" srcset=\"https:\/\/easyfairsassets.com\/sites\/357\/2025\/11\/Wordpress_artikelbild_NOE25-28-300x150.png 300w, https:\/\/easyfairsassets.com\/sites\/357\/2025\/11\/Wordpress_artikelbild_NOE25-28-1024x512.png 1024w, https:\/\/easyfairsassets.com\/sites\/357\/2025\/11\/Wordpress_artikelbild_NOE25-28-768x384.png 768w, https:\/\/easyfairsassets.com\/sites\/357\/2025\/11\/Wordpress_artikelbild_NOE25-28.png 1200w\" sizes=\"(max-width: 300px) 100vw, 300px\" \/><\/div>\n\t\t<\/a>\n\t\t\t\t<div class=\"elementor-post__text\">\n\t\t\t\t<h3 class=\"elementor-post__title\">\n\t\t\t<a href=\"https:\/\/www.nordicorganicexpo.com\/sv\/2025\/11\/18\/mot-michel-bracke-teknikern-som-blev-hallbarhetsguru\/\" >\n\t\t\t\tM\u00f6t Michel Brack\u00e9: teknikern som blev h\u00e5llbarhetsguru\t\t\t<\/a>\n\t\t<\/h3>\n\t\t\t\t<div class=\"elementor-post__meta-data\">\n\t\t\t\t\t<span class=\"elementor-post-date\">\n\t\t\tnovember 18, 2025\t\t<\/span>\n\t\t\t\t<span class=\"elementor-post-avatar\">\n\t\t\tInga kommentarer\t\t<\/span>\n\t\t\t\t<\/div>\n\t\t\n\t\t<a class=\"elementor-post__read-more\" href=\"https:\/\/www.nordicorganicexpo.com\/sv\/2025\/11\/18\/mot-michel-bracke-teknikern-som-blev-hallbarhetsguru\/\" aria-label=\"Read more about M\u00f6t Michel Brack\u00e9: teknikern som blev h\u00e5llbarhetsguru\" tabindex=\"-1\" >\n\t\t\tL\u00e4s mer \u00bb\t\t<\/a>\n\n\t\t\t\t<\/div>\n\t\t\t\t<\/article>\n\t\t\t\t<\/div>\n\t\t\n\t\t\t\t\t\t<\/div>\n\t\t\t\t<\/div>\n\t\t\t\t\t<\/div>\n\t\t<\/div>\n\t\t\t\t\t<\/div>\n\t\t<\/section>\n\t\t\t\t<\/div>\n\t\t","protected":false},"excerpt":{"rendered":"<p>Imorgon tar h\u00e5llbarhetsstrategen Michel Brack\u00e9 plats p\u00e5 scenen under Nordic Organic Expo \u2013 med sig har han en ovanlig kombination av sk\u00e4rpa fr\u00e5n tech-branschen, \u00f6vertygelse driven av v\u00e4xtbaserad livsstil och ett uppdrag att hj\u00e4lpa klimatmedvetna f\u00f6retag att v\u00e4xa snabbt. Med fyra decennier som vegetarian och en karri\u00e4rsv\u00e4ng som till och med \u00f6verraskade honom sj\u00e4lv, \u00e4r Brack\u00e9 redo att ge evenemanget energi med ber\u00e4ttelser, l\u00e4rdomar och en framtidsinriktad vision.<\/p>\n","protected":false},"author":1337,"featured_media":22297,"comment_status":"closed","ping_status":"closed","sticky":false,"template":"elementor_header_footer","format":"standard","meta":{"_seopress_robots_primary_cat":"inga","_seopress_titles_title":"M\u00f6t Michel Brack\u00e9: teknikern som blev h\u00e5llbarhetsguru","_seopress_titles_desc":"Imorgon tar h\u00e5llbarhetsstrategen Michel Brack\u00e9 plats p\u00e5 scenen under Nordic Organic Expo \u2013 med sig har han en ovanlig kombination av sk\u00e4rpa fr\u00e5n tech-branschen, \u00f6vertygelse driven av v\u00e4xtbaserad livsstil och ett uppdrag att hj\u00e4lpa klimatmedvetna f\u00f6retag att v\u00e4xa snabbt. ","_seopress_robots_index":"","footnotes":""},"categories":[19],"tags":[],"edition":[403],"class_list":["post-22628","post","type-post","status-publish","format-standard","has-post-thumbnail","hentry","category-nyheter","edition-nordic-organic-expo-2025-sv"],"_links":{"self":[{"href":"https:\/\/www.nordicorganicexpo.com\/sv\/wp-json\/wp\/v2\/posts\/22628","targetHints":{"allow":["GET"]}}],"collection":[{"href":"https:\/\/www.nordicorganicexpo.com\/sv\/wp-json\/wp\/v2\/posts"}],"about":[{"href":"https:\/\/www.nordicorganicexpo.com\/sv\/wp-json\/wp\/v2\/types\/post"}],"author":[{"embeddable":true,"href":"https:\/\/www.nordicorganicexpo.com\/sv\/wp-json\/wp\/v2\/users\/1337"}],"replies":[{"embeddable":true,"href":"https:\/\/www.nordicorganicexpo.com\/sv\/wp-json\/wp\/v2\/comments?post=22628"}],"version-history":[{"count":1,"href":"https:\/\/www.nordicorganicexpo.com\/sv\/wp-json\/wp\/v2\/posts\/22628\/revisions"}],"predecessor-version":[{"id":22629,"href":"https:\/\/www.nordicorganicexpo.com\/sv\/wp-json\/wp\/v2\/posts\/22628\/revisions\/22629"}],"wp:featuredmedia":[{"embeddable":true,"href":"https:\/\/www.nordicorganicexpo.com\/sv\/wp-json\/wp\/v2\/media\/22297"}],"wp:attachment":[{"href":"https:\/\/www.nordicorganicexpo.com\/sv\/wp-json\/wp\/v2\/media?parent=22628"}],"wp:term":[{"taxonomy":"category","embeddable":true,"href":"https:\/\/www.nordicorganicexpo.com\/sv\/wp-json\/wp\/v2\/categories?post=22628"},{"taxonomy":"post_tag","embeddable":true,"href":"https:\/\/www.nordicorganicexpo.com\/sv\/wp-json\/wp\/v2\/tags?post=22628"},{"taxonomy":"edition","embeddable":true,"href":"https:\/\/www.nordicorganicexpo.com\/sv\/wp-json\/wp\/v2\/edition?post=22628"}],"curies":[{"name":"wp","href":"https:\/\/api.w.org\/{rel}","templated":true}]}}