{"id":22637,"date":"2025-10-15T10:00:18","date_gmt":"2025-10-15T08:00:18","guid":{"rendered":"https:\/\/www.nordicorganicexpo.com\/2025\/10\/15\/mot-visionaren-som-tar-krav-in-i-framtiden\/"},"modified":"2025-12-11T10:44:31","modified_gmt":"2025-12-11T08:44:31","slug":"mot-visionaren-som-tar-krav-in-i-framtiden","status":"publish","type":"post","link":"https:\/\/www.nordicorganicexpo.com\/sv\/2025\/10\/15\/mot-visionaren-som-tar-krav-in-i-framtiden\/","title":{"rendered":"M\u00f6t vision\u00e4ren som tar KRAV in i framtiden"},"content":{"rendered":"\t\t<div data-elementor-type=\"wp-post\" data-elementor-id=\"22637\" class=\"elementor elementor-22637 elementor-12795\" data-elementor-post-type=\"post\">\n\t\t\t\t\t\t<section class=\"elementor-section elementor-top-section elementor-element elementor-element-7bd6aa7 elementor-section-boxed elementor-section-height-default elementor-section-height-default\" data-id=\"7bd6aa7\" data-element_type=\"section\" data-settings=\"{&quot;background_background&quot;:&quot;classic&quot;}\">\n\t\t\t\t\t\t\t<div class=\"elementor-background-overlay\"><\/div>\n\t\t\t\t\t\t\t<div class=\"elementor-container elementor-column-gap-default\">\n\t\t\t\t\t<div class=\"elementor-column elementor-col-100 elementor-top-column elementor-element elementor-element-4b5544c\" data-id=\"4b5544c\" data-element_type=\"column\">\n\t\t\t<div class=\"elementor-widget-wrap elementor-element-populated\">\n\t\t\t\t\t\t<div class=\"elementor-element elementor-element-edcbf9b elementor-widget elementor-widget-spacer\" data-id=\"edcbf9b\" data-element_type=\"widget\" data-widget_type=\"spacer.default\">\n\t\t\t\t<div class=\"elementor-widget-container\">\n\t\t\t\t\t\t\t<div class=\"elementor-spacer\">\n\t\t\t<div class=\"elementor-spacer-inner\"><\/div>\n\t\t<\/div>\n\t\t\t\t\t\t<\/div>\n\t\t\t\t<\/div>\n\t\t\t\t\t<\/div>\n\t\t<\/div>\n\t\t\t\t\t<\/div>\n\t\t<\/section>\n\t\t\t\t<section class=\"elementor-section elementor-top-section elementor-element elementor-element-929e60e elementor-section-boxed elementor-section-height-default elementor-section-height-default\" data-id=\"929e60e\" data-element_type=\"section\">\n\t\t\t\t\t\t\t<div class=\"elementor-background-overlay\"><\/div>\n\t\t\t\t\t\t\t<div class=\"elementor-container elementor-column-gap-default\">\n\t\t\t\t\t<div class=\"elementor-column elementor-col-50 elementor-top-column elementor-element elementor-element-d5e0069\" data-id=\"d5e0069\" data-element_type=\"column\" data-settings=\"{&quot;background_background&quot;:&quot;classic&quot;}\">\n\t\t\t<div class=\"elementor-widget-wrap elementor-element-populated\">\n\t\t\t\t\t\t<div class=\"elementor-element elementor-element-c55bfb0 elementor-widget elementor-widget-heading\" data-id=\"c55bfb0\" data-element_type=\"widget\" data-widget_type=\"heading.default\">\n\t\t\t\t<div class=\"elementor-widget-container\">\n\t\t\t\t\t<h3 class=\"elementor-heading-title elementor-size-default\">Oktober 15, 2025<\/h3>\t\t\t\t<\/div>\n\t\t\t\t<\/div>\n\t\t\t\t<div class=\"elementor-element elementor-element-c4d9dba elementor-widget elementor-widget-image\" data-id=\"c4d9dba\" data-element_type=\"widget\" data-widget_type=\"image.default\">\n\t\t\t\t<div class=\"elementor-widget-container\">\n\t\t\t\t\t\t\t\t\t\t\t\t\t\t\t<img fetchpriority=\"high\" decoding=\"async\" width=\"800\" height=\"400\" src=\"https:\/\/easyfairsassets.com\/sites\/357\/2025\/10\/Wordpress_artikelbild_NOE25-12-1024x512.png\" class=\"attachment-large size-large wp-image-12809\" alt=\"Emma Rung headerbild\" srcset=\"https:\/\/easyfairsassets.com\/sites\/357\/2025\/10\/Wordpress_artikelbild_NOE25-12-1024x512.png 1024w, https:\/\/easyfairsassets.com\/sites\/357\/2025\/10\/Wordpress_artikelbild_NOE25-12-300x150.png 300w, https:\/\/easyfairsassets.com\/sites\/357\/2025\/10\/Wordpress_artikelbild_NOE25-12-768x384.png 768w, https:\/\/easyfairsassets.com\/sites\/357\/2025\/10\/Wordpress_artikelbild_NOE25-12.png 1200w\" sizes=\"(max-width: 800px) 100vw, 800px\" \/>\t\t\t\t\t\t\t\t\t\t\t\t\t\t\t<\/div>\n\t\t\t\t<\/div>\n\t\t\t\t<div class=\"elementor-element elementor-element-53565ca elementor-widget elementor-widget-heading\" data-id=\"53565ca\" data-element_type=\"widget\" data-widget_type=\"heading.default\">\n\t\t\t\t<div class=\"elementor-widget-container\">\n\t\t\t\t\t<h1 class=\"elementor-heading-title elementor-size-default\">M\u00f6t vision\u00e4ren som tar KRAV in i framtiden<\/h1>\t\t\t\t<\/div>\n\t\t\t\t<\/div>\n\t\t\t\t<div class=\"elementor-element elementor-element-a991227 elementor-widget elementor-widget-text-editor\" data-id=\"a991227\" data-element_type=\"widget\" data-widget_type=\"text-editor.default\">\n\t\t\t\t<div class=\"elementor-widget-container\">\n\t\t\t\t\t\t\t\t\t<p><strong>Vid rodret f\u00f6r KRAV, Sveriges mest betrodda ekologiska m\u00e4rkning, st\u00e5r vd Emma Rung \u2013 en vision\u00e4r som omdefinierar vad det inneb\u00e4r att leda med mening. Med en dj\u00e4rv vision driver hon ekologiskt inte bara som ett m\u00e4rke, utan som en dynamisk r\u00f6relse som f\u00f6r\u00e4ndrar hur vi ser p\u00e5 mat, h\u00e5llbarhet och v\u00e4rderingar.<\/strong><\/p>\n\t\t\t\t\t\t\t\t<\/div>\n\t\t\t\t<\/div>\n\t\t\t\t<div class=\"elementor-element elementor-element-3699919 elementor-widget elementor-widget-heading\" data-id=\"3699919\" data-element_type=\"widget\" data-widget_type=\"heading.default\">\n\t\t\t\t<div class=\"elementor-widget-container\">\n\t\t\t\t\t<h2 class=\"elementor-heading-title elementor-size-default\">Ledarskapsfilosofi<\/h2>\t\t\t\t<\/div>\n\t\t\t\t<\/div>\n\t\t\t\t<div class=\"elementor-element elementor-element-4e6da9a elementor-widget elementor-widget-text-editor\" data-id=\"4e6da9a\" data-element_type=\"widget\" data-widget_type=\"text-editor.default\">\n\t\t\t\t<div class=\"elementor-widget-container\">\n\t\t\t\t\t\t\t\t\t<p data-start=\"56\" data-end=\"324\">F\u00f6r Emma handlar ledarskap inte om att vara den h\u00f6gsta r\u00f6sten i rummet. Det handlar om att vara modig nog att n\u00e5 stora m\u00e5l \u2013 och klok nog att ta med m\u00e4nniskor p\u00e5 resan. Hennes ledarskapsfilosofi genomsyras av integritet och en orubblig tro p\u00e5 kollektiv handling.<\/p>\n<p><\/p>\n<p data-start=\"326\" data-end=\"546\">\u2013 Ledarskap handlar i grunden om mod och samarbete \u2013 att v\u00e5ga s\u00e4tta ambiti\u00f6sa m\u00e5l och samla m\u00e4nniskor kring dem. Jag tror ocks\u00e5 p\u00e5 kraften i h\u00e5rt arbete och vikten av att kontinuerligt \u00e5terknyta till v\u00e5rt \u2018varf\u00f6r\u2019.<\/p>\n<p><\/p>\n<p data-start=\"548\" data-end=\"871\">Under \u00e5rens lopp har Emmas f\u00f6rst\u00e5else f\u00f6r h\u00e5llbarhet vuxit \u2013 b\u00e5de professionellt och personligt. Det som en g\u00e5ng betraktades som ett nischintresse f\u00f6rv\u00e4ntas nu av b\u00e5de f\u00f6retag och institutioner \u2013 men med den f\u00f6rv\u00e4ntningen f\u00f6ljer nya komplexiteter. Emma menar att l\u00f6sningen ligger i att se saken ur ett bredare perspektiv.<\/p>\n<p><\/p>\n<p data-start=\"873\" data-end=\"1105\" data-is-last-node=\"\" data-is-only-node=\"\">\u2013 Personligen har jag blivit \u00e4nnu mer \u00f6vertygad om att h\u00e5llbarhet m\u00e5ste vara holistisk: det handlar om klimat, biologisk m\u00e5ngfald, djurv\u00e4lf\u00e4rd och socialt ansvar. Ekologisk produktion \u00e4r ett uttryck f\u00f6r det holistiska syns\u00e4ttet.<\/p>\n\t\t\t\t\t\t\t\t<\/div>\n\t\t\t\t<\/div>\n\t\t\t\t<div class=\"elementor-element elementor-element-5559a25 elementor-widget elementor-widget-image\" data-id=\"5559a25\" data-element_type=\"widget\" data-widget_type=\"image.default\">\n\t\t\t\t<div class=\"elementor-widget-container\">\n\t\t\t\t\t\t\t\t\t\t\t\t\t\t\t<img decoding=\"async\" width=\"800\" height=\"400\" src=\"https:\/\/easyfairsassets.com\/sites\/357\/2025\/10\/Wordpress_artikelbild_NOE25-13-1024x512.png\" class=\"attachment-large size-large wp-image-12811\" alt=\"KRAV bag\" srcset=\"https:\/\/easyfairsassets.com\/sites\/357\/2025\/10\/Wordpress_artikelbild_NOE25-13-1024x512.png 1024w, https:\/\/easyfairsassets.com\/sites\/357\/2025\/10\/Wordpress_artikelbild_NOE25-13-300x150.png 300w, https:\/\/easyfairsassets.com\/sites\/357\/2025\/10\/Wordpress_artikelbild_NOE25-13-768x384.png 768w, https:\/\/easyfairsassets.com\/sites\/357\/2025\/10\/Wordpress_artikelbild_NOE25-13.png 1200w\" sizes=\"(max-width: 800px) 100vw, 800px\" \/>\t\t\t\t\t\t\t\t\t\t\t\t\t\t\t<\/div>\n\t\t\t\t<\/div>\n\t\t\t\t<div class=\"elementor-element elementor-element-3ee69c4 elementor-widget elementor-widget-heading\" data-id=\"3ee69c4\" data-element_type=\"widget\" data-widget_type=\"heading.default\">\n\t\t\t\t<div class=\"elementor-widget-container\">\n\t\t\t\t\t<h2 class=\"elementor-heading-title elementor-size-default\">KRAV:s mission<\/h2>\t\t\t\t<\/div>\n\t\t\t\t<\/div>\n\t\t\t\t<div class=\"elementor-element elementor-element-4dc9944 elementor-widget elementor-widget-text-editor\" data-id=\"4dc9944\" data-element_type=\"widget\" data-widget_type=\"text-editor.default\">\n\t\t\t\t<div class=\"elementor-widget-container\">\n\t\t\t\t\t\t\t\t\t<p data-start=\"56\" data-end=\"331\">I dagens landskap \u2013 d\u00e4r \u201ch\u00e5llbarhet\u201d kan vara lika mycket ett marknadsf\u00f6ringsverktyg som ett uppdrag \u2013 ser Emma KRAV:s ansvar tydligt: att uppr\u00e4tth\u00e5lla f\u00f6rtroendet. Det r\u00e4cker inte att produkter p\u00e5st\u00e5r sig vara h\u00e5llbara \u2013 bakom m\u00e4rket m\u00e5ste det finnas verklig p\u00e5verkan.<\/p>\n<p><\/p>\n<p data-start=\"333\" data-end=\"595\">\u2013 I en v\u00e4rld d\u00e4r \u2018h\u00e5llbarhet\u2019 n\u00e4mns \u00f6verallt \u00e4r KRAV:s roll att s\u00e4kerst\u00e4lla att det verkligen betyder n\u00e5got. Vi hj\u00e4lper f\u00f6retag och b\u00f6nder att g\u00e5 fr\u00e5n ambition till handling \u2013 och f\u00f6rvandlar h\u00e5llbarhet fr\u00e5n ett modeord till m\u00e4tbara framsteg i verkligheten.<\/p>\n<p><\/p>\n<p data-start=\"597\" data-end=\"868\">Under hennes ledning har KRAV fortsatt att utvecklas samtidigt som organisationen f\u00f6rblivit fast f\u00f6rankrad i sina principer. Emma \u00e4r stolt \u00f6ver hur organisationen har f\u00f6rdjupat sina samarbeten, inte bara inom den ekologiska sektorn utan \u00f6ver hela livsmedelsekosystemet.<\/p>\n<p><\/p>\n<p data-start=\"870\" data-end=\"1162\" data-is-last-node=\"\" data-is-only-node=\"\">\u2013 Vi st\u00e4rker partnerskap l\u00e4ngs hela v\u00e4rdekedjan \u2013 fr\u00e5n b\u00f6nder till \u00e5terf\u00f6rs\u00e4ljare \u2013 och visar att h\u00e5llbarhet inte bara \u00e4r n\u00f6dv\u00e4ndigt utan ocks\u00e5 m\u00f6jligt. Varje KRAV-m\u00e4rkt produkt representerar otaliga m\u00e4nniskor som arbetar tillsammans f\u00f6r en b\u00e4ttre framtid. Den enheten ger mig stort hopp.<\/p>\n\t\t\t\t\t\t\t\t<\/div>\n\t\t\t\t<\/div>\n\t\t\t\t<div class=\"elementor-element elementor-element-5ac2265 elementor-widget elementor-widget-heading\" data-id=\"5ac2265\" data-element_type=\"widget\" data-widget_type=\"heading.default\">\n\t\t\t\t<div class=\"elementor-widget-container\">\n\t\t\t\t\t<h2 class=\"elementor-heading-title elementor-size-default\">Nordic Organic Expo<\/h2>\t\t\t\t<\/div>\n\t\t\t\t<\/div>\n\t\t\t\t<div class=\"elementor-element elementor-element-115b960 elementor-widget elementor-widget-text-editor\" data-id=\"115b960\" data-element_type=\"widget\" data-widget_type=\"text-editor.default\">\n\t\t\t\t<div class=\"elementor-widget-container\">\n\t\t\t\t\t\t\t\t\t<p data-start=\"43\" data-end=\"313\">Med blicken fram\u00e5t fokuserar Emma p\u00e5 matens framtid \u2013 och m\u00e4nniskorna som driver f\u00f6r\u00e4ndring. N\u00e4r Nordic Organic Expo n\u00e4rmar sig ser hon det som mer \u00e4n bara ett branschevent. Det \u00e4r en plats f\u00f6r att \u00e5teruppliva engagemang, skapa allianser och driva r\u00f6relsen fram\u00e5t.<\/p>\n<p><\/p>\n<p data-start=\"315\" data-end=\"566\">\u2013 Jag ser fram emot att tr\u00e4ffa passionerade m\u00e4nniskor som delar visionen om ett mer h\u00e5llbart livsmedelssystem. I tider av b\u00e5de milj\u00f6m\u00e4ssig br\u00e5dska och m\u00f6jligheter beh\u00f6ver vi dessa m\u00f6ten f\u00f6r att tillsammans p\u00e5skynda verklig f\u00f6r\u00e4ndring, s\u00e4ger hon.<\/p>\n<p><\/p>\n<p data-start=\"568\" data-end=\"600\" data-is-last-node=\"\" data-is-only-node=\"\"><em data-start=\"568\" data-end=\"600\" data-is-last-node=\"\">Av Rebecca Hyde-Price Aggestam<\/em><\/p>\n\t\t\t\t\t\t\t\t<\/div>\n\t\t\t\t<\/div>\n\t\t\t\t<div class=\"elementor-element elementor-element-5afa480 elementor-widget elementor-widget-image\" data-id=\"5afa480\" data-element_type=\"widget\" data-widget_type=\"image.default\">\n\t\t\t\t<div class=\"elementor-widget-container\">\n\t\t\t\t\t\t\t\t\t\t\t\t\t\t\t<img decoding=\"async\" width=\"800\" height=\"400\" src=\"https:\/\/easyfairsassets.com\/sites\/357\/2025\/10\/Wordpress_artikelbild_NOE25-15-1024x512.png\" class=\"attachment-large size-large wp-image-12815\" alt=\"The KRAV stamp\" srcset=\"https:\/\/easyfairsassets.com\/sites\/357\/2025\/10\/Wordpress_artikelbild_NOE25-15-1024x512.png 1024w, https:\/\/easyfairsassets.com\/sites\/357\/2025\/10\/Wordpress_artikelbild_NOE25-15-300x150.png 300w, https:\/\/easyfairsassets.com\/sites\/357\/2025\/10\/Wordpress_artikelbild_NOE25-15-768x384.png 768w, https:\/\/easyfairsassets.com\/sites\/357\/2025\/10\/Wordpress_artikelbild_NOE25-15.png 1200w\" sizes=\"(max-width: 800px) 100vw, 800px\" \/>\t\t\t\t\t\t\t\t\t\t\t\t\t\t\t<\/div>\n\t\t\t\t<\/div>\n\t\t\t\t<div class=\"elementor-element elementor-element-cbb033d elementor-align-left elementor-tablet-align-left elementor-mobile-align-left elementor-widget elementor-widget-button\" data-id=\"cbb033d\" data-element_type=\"widget\" data-widget_type=\"button.default\">\n\t\t\t\t<div class=\"elementor-widget-container\">\n\t\t\t\t\t\t\t\t\t<div class=\"elementor-button-wrapper\">\n\t\t\t\t\t<a class=\"elementor-button elementor-button-link elementor-size-sm elementor-animation-grow\" href=\"https:\/\/www.nordicorganicexpo.com\/sv\/aktuellt\/\">\n\t\t\t\t\t\t<span class=\"elementor-button-content-wrapper\">\n\t\t\t\t\t\t<span class=\"elementor-button-icon\">\n\t\t\t\t<svg aria-hidden=\"true\" class=\"e-font-icon-svg e-fas-arrow-left\" viewBox=\"0 0 448 512\" xmlns=\"http:\/\/www.w3.org\/2000\/svg\"><path d=\"M257.5 445.1l-22.2 22.2c-9.4 9.4-24.6 9.4-33.9 0L7 273c-9.4-9.4-9.4-24.6 0-33.9L201.4 44.7c9.4-9.4 24.6-9.4 33.9 0l22.2 22.2c9.5 9.5 9.3 25-.4 34.3L136.6 216H424c13.3 0 24 10.7 24 24v32c0 13.3-10.7 24-24 24H136.6l120.5 114.8c9.8 9.3 10 24.8.4 34.3z\"><\/path><\/svg>\t\t\t<\/span>\n\t\t\t\t\t\t\t\t\t<span class=\"elementor-button-text\">Tillbaka<\/span>\n\t\t\t\t\t<\/span>\n\t\t\t\t\t<\/a>\n\t\t\t\t<\/div>\n\t\t\t\t\t\t\t\t<\/div>\n\t\t\t\t<\/div>\n\t\t\t\t\t<\/div>\n\t\t<\/div>\n\t\t\t\t<div class=\"elementor-column elementor-col-50 elementor-top-column elementor-element elementor-element-bb51aec\" data-id=\"bb51aec\" data-element_type=\"column\" data-settings=\"{&quot;background_background&quot;:&quot;classic&quot;}\">\n\t\t\t<div class=\"elementor-widget-wrap elementor-element-populated\">\n\t\t\t\t\t\t<div class=\"elementor-element elementor-element-c7fdeb6 elementor-widget elementor-widget-heading\" data-id=\"c7fdeb6\" data-element_type=\"widget\" data-widget_type=\"heading.default\">\n\t\t\t\t<div class=\"elementor-widget-container\">\n\t\t\t\t\t<h3 class=\"elementor-heading-title elementor-size-default\">Dela<\/h3>\t\t\t\t<\/div>\n\t\t\t\t<\/div>\n\t\t\t\t<div class=\"elementor-element elementor-element-7160321 elementor-share-buttons--view-icon elementor-share-buttons--shape-circle elementor-share-buttons--skin-flat elementor-share-buttons--color-custom elementor-grid-0 elementor-widget elementor-widget-share-buttons\" data-id=\"7160321\" data-element_type=\"widget\" data-settings=\"{&quot;share_url&quot;:{&quot;url&quot;:&quot;&quot;,&quot;is_external&quot;:&quot;&quot;,&quot;nofollow&quot;:&quot;&quot;,&quot;custom_attributes&quot;:&quot;&quot;}}\" data-widget_type=\"share-buttons.default\">\n\t\t\t\t<div class=\"elementor-widget-container\">\n\t\t\t\t\t\t\t<div class=\"elementor-grid\" role=\"list\">\n\t\t\t\t\t\t\t\t<div class=\"elementor-grid-item\" role=\"listitem\">\n\t\t\t\t\t\t<div class=\"elementor-share-btn elementor-share-btn_facebook\" role=\"button\" tabindex=\"0\" aria-label=\"Share on facebook\">\n\t\t\t\t\t\t\t\t\t\t\t\t\t\t\t<span class=\"elementor-share-btn__icon\">\n\t\t\t\t\t\t\t\t<svg aria-hidden=\"true\" class=\"e-font-icon-svg e-fab-facebook\" viewBox=\"0 0 512 512\" xmlns=\"http:\/\/www.w3.org\/2000\/svg\"><path d=\"M504 256C504 119 393 8 256 8S8 119 8 256c0 123.78 90.69 226.38 209.25 245V327.69h-63V256h63v-54.64c0-62.15 37-96.48 93.67-96.48 27.14 0 55.52 4.84 55.52 4.84v61h-31.28c-30.8 0-40.41 19.12-40.41 38.73V256h68.78l-11 71.69h-57.78V501C413.31 482.38 504 379.78 504 256z\"><\/path><\/svg>\t\t\t\t\t\t\t<\/span>\n\t\t\t\t\t\t\t\t\t\t\t\t\t\t\t\t\t\t\t\t<\/div>\n\t\t\t\t\t<\/div>\n\t\t\t\t\t\t\t\t\t<div class=\"elementor-grid-item\" role=\"listitem\">\n\t\t\t\t\t\t<div class=\"elementor-share-btn elementor-share-btn_linkedin\" role=\"button\" tabindex=\"0\" aria-label=\"Share on linkedin\">\n\t\t\t\t\t\t\t\t\t\t\t\t\t\t\t<span class=\"elementor-share-btn__icon\">\n\t\t\t\t\t\t\t\t<svg aria-hidden=\"true\" class=\"e-font-icon-svg e-fab-linkedin\" viewBox=\"0 0 448 512\" xmlns=\"http:\/\/www.w3.org\/2000\/svg\"><path d=\"M416 32H31.9C14.3 32 0 46.5 0 64.3v383.4C0 465.5 14.3 480 31.9 480H416c17.6 0 32-14.5 32-32.3V64.3c0-17.8-14.4-32.3-32-32.3zM135.4 416H69V202.2h66.5V416zm-33.2-243c-21.3 0-38.5-17.3-38.5-38.5S80.9 96 102.2 96c21.2 0 38.5 17.3 38.5 38.5 0 21.3-17.2 38.5-38.5 38.5zm282.1 243h-66.4V312c0-24.8-.5-56.7-34.5-56.7-34.6 0-39.9 27-39.9 54.9V416h-66.4V202.2h63.7v29.2h.9c8.9-16.8 30.6-34.5 62.9-34.5 67.2 0 79.7 44.3 79.7 101.9V416z\"><\/path><\/svg>\t\t\t\t\t\t\t<\/span>\n\t\t\t\t\t\t\t\t\t\t\t\t\t\t\t\t\t\t\t\t<\/div>\n\t\t\t\t\t<\/div>\n\t\t\t\t\t\t<\/div>\n\t\t\t\t\t\t<\/div>\n\t\t\t\t<\/div>\n\t\t\t\t<div class=\"elementor-element elementor-element-9accca5 elementor-grid-1 elementor-posts--thumbnail-left elementor-posts--align-left elementor-grid-tablet-2 elementor-grid-mobile-1 elementor-widget elementor-widget-posts\" data-id=\"9accca5\" data-element_type=\"widget\" data-settings=\"{&quot;classic_columns&quot;:&quot;1&quot;,&quot;classic_row_gap&quot;:{&quot;unit&quot;:&quot;px&quot;,&quot;size&quot;:20,&quot;sizes&quot;:[]},&quot;classic_columns_tablet&quot;:&quot;2&quot;,&quot;classic_columns_mobile&quot;:&quot;1&quot;,&quot;classic_row_gap_tablet&quot;:{&quot;unit&quot;:&quot;px&quot;,&quot;size&quot;:&quot;&quot;,&quot;sizes&quot;:[]},&quot;classic_row_gap_mobile&quot;:{&quot;unit&quot;:&quot;px&quot;,&quot;size&quot;:&quot;&quot;,&quot;sizes&quot;:[]}}\" data-widget_type=\"posts.classic\">\n\t\t\t\t<div class=\"elementor-widget-container\">\n\t\t\t\t\t\t\t<div class=\"elementor-posts-container elementor-posts elementor-posts--skin-classic elementor-grid\" role=\"list\">\n\t\t\t\t<article class=\"elementor-post elementor-grid-item post-22993 post type-post status-publish format-standard has-post-thumbnail hentry category-senaste edition-nordic-organic-expo-2026\" role=\"listitem\">\n\t\t\t\t<a class=\"elementor-post__thumbnail__link\" href=\"https:\/\/www.nordicorganicexpo.com\/sv\/2026\/01\/06\/malmo-och-kista-mass-service-blir-nordic-expo-service\/\" tabindex=\"-1\" >\n\t\t\t<div class=\"elementor-post__thumbnail\"><img loading=\"lazy\" decoding=\"async\" width=\"300\" height=\"150\" src=\"https:\/\/easyfairsassets.com\/sites\/357\/2026\/01\/Wordpress_artikelbild_NOE25-18-300x150.jpg\" class=\"attachment-medium size-medium wp-image-22936\" alt=\"Nordic Expo Service x Nordic Organic Expo\" srcset=\"https:\/\/easyfairsassets.com\/sites\/357\/2026\/01\/Wordpress_artikelbild_NOE25-18-300x150.jpg 300w, https:\/\/easyfairsassets.com\/sites\/357\/2026\/01\/Wordpress_artikelbild_NOE25-18-1024x512.jpg 1024w, https:\/\/easyfairsassets.com\/sites\/357\/2026\/01\/Wordpress_artikelbild_NOE25-18-768x384.jpg 768w, https:\/\/easyfairsassets.com\/sites\/357\/2026\/01\/Wordpress_artikelbild_NOE25-18.jpg 1200w\" sizes=\"(max-width: 300px) 100vw, 300px\" \/><\/div>\n\t\t<\/a>\n\t\t\t\t<div class=\"elementor-post__text\">\n\t\t\t\t<h3 class=\"elementor-post__title\">\n\t\t\t<a href=\"https:\/\/www.nordicorganicexpo.com\/sv\/2026\/01\/06\/malmo-och-kista-mass-service-blir-nordic-expo-service\/\" >\n\t\t\t\tMalm\u00f6 och Kista M\u00e4ss-Service blir Nordic Expo Service\t\t\t<\/a>\n\t\t<\/h3>\n\t\t\t\t<div class=\"elementor-post__meta-data\">\n\t\t\t\t\t<span class=\"elementor-post-date\">\n\t\t\tjanuari 6, 2026\t\t<\/span>\n\t\t\t\t<span class=\"elementor-post-avatar\">\n\t\t\tInga kommentarer\t\t<\/span>\n\t\t\t\t<\/div>\n\t\t\n\t\t<a class=\"elementor-post__read-more\" href=\"https:\/\/www.nordicorganicexpo.com\/sv\/2026\/01\/06\/malmo-och-kista-mass-service-blir-nordic-expo-service\/\" aria-label=\"Read more about Malm\u00f6 och Kista M\u00e4ss-Service blir Nordic Expo Service\" tabindex=\"-1\" >\n\t\t\tL\u00e4s mer \u00bb\t\t<\/a>\n\n\t\t\t\t<\/div>\n\t\t\t\t<\/article>\n\t\t\t\t<article class=\"elementor-post elementor-grid-item post-22995 post type-post status-publish format-standard has-post-thumbnail hentry category-senaste edition-nordic-organic-expo-2025-sv\" role=\"listitem\">\n\t\t\t\t<a class=\"elementor-post__thumbnail__link\" href=\"https:\/\/www.nordicorganicexpo.com\/sv\/2025\/11\/28\/nordic-organic-expo-2025-gor-en-stark-debut-under-ledning-av-easyfairs\/\" tabindex=\"-1\" >\n\t\t\t<div class=\"elementor-post__thumbnail\"><img loading=\"lazy\" decoding=\"async\" width=\"300\" height=\"150\" src=\"https:\/\/easyfairsassets.com\/sites\/357\/2026\/02\/Wordpress_artikelbild_NOE25-8-300x150.jpg\" class=\"attachment-medium size-medium wp-image-22859\" alt=\"Nordic Organic Expo results 2025\" srcset=\"https:\/\/easyfairsassets.com\/sites\/357\/2026\/02\/Wordpress_artikelbild_NOE25-8-300x150.jpg 300w, https:\/\/easyfairsassets.com\/sites\/357\/2026\/02\/Wordpress_artikelbild_NOE25-8-1024x512.jpg 1024w, https:\/\/easyfairsassets.com\/sites\/357\/2026\/02\/Wordpress_artikelbild_NOE25-8-768x384.jpg 768w, https:\/\/easyfairsassets.com\/sites\/357\/2026\/02\/Wordpress_artikelbild_NOE25-8.jpg 1200w\" sizes=\"(max-width: 300px) 100vw, 300px\" \/><\/div>\n\t\t<\/a>\n\t\t\t\t<div class=\"elementor-post__text\">\n\t\t\t\t<h3 class=\"elementor-post__title\">\n\t\t\t<a href=\"https:\/\/www.nordicorganicexpo.com\/sv\/2025\/11\/28\/nordic-organic-expo-2025-gor-en-stark-debut-under-ledning-av-easyfairs\/\" >\n\t\t\t\tNordic Organic Expo 2025 g\u00f6r en stark debut under ledning av Easyfairs.\t\t\t<\/a>\n\t\t<\/h3>\n\t\t\t\t<div class=\"elementor-post__meta-data\">\n\t\t\t\t\t<span class=\"elementor-post-date\">\n\t\t\tnovember 28, 2025\t\t<\/span>\n\t\t\t\t<span class=\"elementor-post-avatar\">\n\t\t\tInga kommentarer\t\t<\/span>\n\t\t\t\t<\/div>\n\t\t\n\t\t<a class=\"elementor-post__read-more\" href=\"https:\/\/www.nordicorganicexpo.com\/sv\/2025\/11\/28\/nordic-organic-expo-2025-gor-en-stark-debut-under-ledning-av-easyfairs\/\" aria-label=\"Read more about Nordic Organic Expo 2025 g\u00f6r en stark debut under ledning av Easyfairs.\" tabindex=\"-1\" >\n\t\t\tL\u00e4s mer \u00bb\t\t<\/a>\n\n\t\t\t\t<\/div>\n\t\t\t\t<\/article>\n\t\t\t\t<article class=\"elementor-post elementor-grid-item post-22628 post type-post status-publish format-standard has-post-thumbnail hentry category-nyheter edition-nordic-organic-expo-2025-sv\" role=\"listitem\">\n\t\t\t\t<a class=\"elementor-post__thumbnail__link\" href=\"https:\/\/www.nordicorganicexpo.com\/sv\/2025\/11\/18\/mot-michel-bracke-teknikern-som-blev-hallbarhetsguru\/\" tabindex=\"-1\" >\n\t\t\t<div class=\"elementor-post__thumbnail\"><img loading=\"lazy\" decoding=\"async\" width=\"300\" height=\"150\" src=\"https:\/\/easyfairsassets.com\/sites\/357\/2025\/11\/Wordpress_artikelbild_NOE25-28-300x150.png\" class=\"attachment-medium size-medium wp-image-22297\" alt=\"Michel Brack\u00e9 header\" srcset=\"https:\/\/easyfairsassets.com\/sites\/357\/2025\/11\/Wordpress_artikelbild_NOE25-28-300x150.png 300w, https:\/\/easyfairsassets.com\/sites\/357\/2025\/11\/Wordpress_artikelbild_NOE25-28-1024x512.png 1024w, https:\/\/easyfairsassets.com\/sites\/357\/2025\/11\/Wordpress_artikelbild_NOE25-28-768x384.png 768w, https:\/\/easyfairsassets.com\/sites\/357\/2025\/11\/Wordpress_artikelbild_NOE25-28.png 1200w\" sizes=\"(max-width: 300px) 100vw, 300px\" \/><\/div>\n\t\t<\/a>\n\t\t\t\t<div class=\"elementor-post__text\">\n\t\t\t\t<h3 class=\"elementor-post__title\">\n\t\t\t<a href=\"https:\/\/www.nordicorganicexpo.com\/sv\/2025\/11\/18\/mot-michel-bracke-teknikern-som-blev-hallbarhetsguru\/\" >\n\t\t\t\tM\u00f6t Michel Brack\u00e9: teknikern som blev h\u00e5llbarhetsguru\t\t\t<\/a>\n\t\t<\/h3>\n\t\t\t\t<div class=\"elementor-post__meta-data\">\n\t\t\t\t\t<span class=\"elementor-post-date\">\n\t\t\tnovember 18, 2025\t\t<\/span>\n\t\t\t\t<span class=\"elementor-post-avatar\">\n\t\t\tInga kommentarer\t\t<\/span>\n\t\t\t\t<\/div>\n\t\t\n\t\t<a class=\"elementor-post__read-more\" href=\"https:\/\/www.nordicorganicexpo.com\/sv\/2025\/11\/18\/mot-michel-bracke-teknikern-som-blev-hallbarhetsguru\/\" aria-label=\"Read more about M\u00f6t Michel Brack\u00e9: teknikern som blev h\u00e5llbarhetsguru\" tabindex=\"-1\" >\n\t\t\tL\u00e4s mer \u00bb\t\t<\/a>\n\n\t\t\t\t<\/div>\n\t\t\t\t<\/article>\n\t\t\t\t<\/div>\n\t\t\n\t\t\t\t\t\t<\/div>\n\t\t\t\t<\/div>\n\t\t\t\t\t<\/div>\n\t\t<\/div>\n\t\t\t\t\t<\/div>\n\t\t<\/section>\n\t\t\t\t<\/div>\n\t\t","protected":false},"excerpt":{"rendered":"<p>Vid rodret f\u00f6r KRAV, Sveriges mest betrodda ekologiska m\u00e4rkning, st\u00e5r vd Emma Rung \u2013 en vision\u00e4r som omdefinierar vad det inneb\u00e4r att leda med mening. Med en dj\u00e4rv vision driver hon ekologiskt inte bara som ett m\u00e4rke, utan som en dynamisk r\u00f6relse som f\u00f6r\u00e4ndrar hur vi ser p\u00e5 mat, h\u00e5llbarhet och v\u00e4rderingar.<\/p>\n","protected":false},"author":1337,"featured_media":12809,"comment_status":"closed","ping_status":"closed","sticky":false,"template":"elementor_header_footer","format":"standard","meta":{"_seopress_robots_primary_cat":"inga","_seopress_titles_title":"M\u00f6t vision\u00e4ren som tar KRAV in i framtiden","_seopress_titles_desc":"Vid rodret f\u00f6r KRAV, Sveriges mest betrodda ekologiska m\u00e4rkning, st\u00e5r vd Emma Rung \u2013 en vision\u00e4r som omdefinierar vad det inneb\u00e4r att leda med mening. Med en dj\u00e4rv vision driver hon ekologiskt inte bara som ett m\u00e4rke, utan som en dynamisk r\u00f6relse som f\u00f6r\u00e4ndrar hur vi ser p\u00e5 mat, h\u00e5llbarhet och v\u00e4rderingar.","_seopress_robots_index":"","footnotes":""},"categories":[19],"tags":[],"edition":[403],"class_list":["post-22637","post","type-post","status-publish","format-standard","has-post-thumbnail","hentry","category-nyheter","edition-nordic-organic-expo-2025-sv"],"_links":{"self":[{"href":"https:\/\/www.nordicorganicexpo.com\/sv\/wp-json\/wp\/v2\/posts\/22637","targetHints":{"allow":["GET"]}}],"collection":[{"href":"https:\/\/www.nordicorganicexpo.com\/sv\/wp-json\/wp\/v2\/posts"}],"about":[{"href":"https:\/\/www.nordicorganicexpo.com\/sv\/wp-json\/wp\/v2\/types\/post"}],"author":[{"embeddable":true,"href":"https:\/\/www.nordicorganicexpo.com\/sv\/wp-json\/wp\/v2\/users\/1337"}],"replies":[{"embeddable":true,"href":"https:\/\/www.nordicorganicexpo.com\/sv\/wp-json\/wp\/v2\/comments?post=22637"}],"version-history":[{"count":1,"href":"https:\/\/www.nordicorganicexpo.com\/sv\/wp-json\/wp\/v2\/posts\/22637\/revisions"}],"predecessor-version":[{"id":22638,"href":"https:\/\/www.nordicorganicexpo.com\/sv\/wp-json\/wp\/v2\/posts\/22637\/revisions\/22638"}],"wp:featuredmedia":[{"embeddable":true,"href":"https:\/\/www.nordicorganicexpo.com\/sv\/wp-json\/wp\/v2\/media\/12809"}],"wp:attachment":[{"href":"https:\/\/www.nordicorganicexpo.com\/sv\/wp-json\/wp\/v2\/media?parent=22637"}],"wp:term":[{"taxonomy":"category","embeddable":true,"href":"https:\/\/www.nordicorganicexpo.com\/sv\/wp-json\/wp\/v2\/categories?post=22637"},{"taxonomy":"post_tag","embeddable":true,"href":"https:\/\/www.nordicorganicexpo.com\/sv\/wp-json\/wp\/v2\/tags?post=22637"},{"taxonomy":"edition","embeddable":true,"href":"https:\/\/www.nordicorganicexpo.com\/sv\/wp-json\/wp\/v2\/edition?post=22637"}],"curies":[{"name":"wp","href":"https:\/\/api.w.org\/{rel}","templated":true}]}}